{"id":9586,"date":"2023-09-17T21:43:37","date_gmt":"2023-09-17T20:43:37","guid":{"rendered":"https:\/\/www.mcmotylek.cz\/?p=9586"},"modified":"2023-09-17T21:43:37","modified_gmt":"2023-09-17T20:43:37","slug":"pozor-zmeny","status":"publish","type":"post","link":"http:\/\/www.mcmotylek.cz\/?p=9586","title":{"rendered":"POZOR, ZM\u011aNY."},"content":{"rendered":"\n<p>M\u00e1me tu prvn\u00ed zm\u011bny:<\/p>\n\n\n\n<p>MINI\u0160KOLI\u010cKA za\u010dne a\u017e v pond\u011bl\u00ed 25. 9. a bude se na v\u00e1s t\u011b\u0161it Kam\u010da <img loading=\"lazy\" height=\"16\" width=\"16\" alt=\"\ud83d\ude0a\" src=\"https:\/\/static.xx.fbcdn.net\/images\/emoji.php\/v9\/t1e\/2\/16\/1f60a.png\"\/><\/p>\n\n\n\n<p>TVO\u0158EN\u00cd\u010cKO prob\u011bhne tento t\u00fdden v \u00fater\u00fd dle rozvrhu (19. 9.), ale od dal\u0161\u00edho t\u00fddne se na v\u00e1s bude Jana t\u011b\u0161it ka\u017edou st\u0159edu v 15:00 <img loading=\"lazy\" height=\"16\" width=\"16\" alt=\"\ud83d\ude0a\" src=\"https:\/\/static.xx.fbcdn.net\/images\/emoji.php\/v9\/t1e\/2\/16\/1f60a.png\"\/> Takt\u00e9\u017e Zimn\u00ed herna bude od \u0159\u00edjna prob\u00edhat ve st\u0159edu.<\/p>\n\n\n\n<p>D\u011bkujeme za pochopen\u00ed a moc se t\u011b\u0161\u00edme na v\u0161echny v \u00fater\u00fd 9:30 na Cvi\u010den\u00ed\u010dku s Vla\u010fkou.<\/p>\n","protected":false},"excerpt":{"rendered":"<p>M\u00e1me tu prvn\u00ed zm\u011bny: MINI\u0160KOLI\u010cKA za\u010dne a\u017e v pond\u011bl\u00ed 25. 9. a bude se na v\u00e1s t\u011b\u0161it Kam\u010da TVO\u0158EN\u00cd\u010cKO prob\u011bhne tento t\u00fdden v \u00fater\u00fd dle rozvrhu (19. 9.), ale od dal\u0161\u00edho t\u00fddne se na v\u00e1s bude Jana t\u011b\u0161it ka\u017edou st\u0159edu v 15:00 Takt\u00e9\u017e Zimn\u00ed herna bude od \u0159\u00edjna prob\u00edhat ve st\u0159edu. D\u011bkujeme za pochopen\u00ed a [&hellip;]<\/p>\n","protected":false},"author":36,"featured_media":0,"comment_status":"open","ping_status":"open","sticky":true,"template":"","format":"standard","meta":{"ngg_post_thumbnail":0},"categories":[1],"tags":[],"post_mailing_queue_ids":[],"_links":{"self":[{"href":"http:\/\/www.mcmotylek.cz\/index.php?rest_route=\/wp\/v2\/posts\/9586"}],"collection":[{"href":"http:\/\/www.mcmotylek.cz\/index.php?rest_route=\/wp\/v2\/posts"}],"about":[{"href":"http:\/\/www.mcmotylek.cz\/index.php?rest_route=\/wp\/v2\/types\/post"}],"author":[{"embeddable":true,"href":"http:\/\/www.mcmotylek.cz\/index.php?rest_route=\/wp\/v2\/users\/36"}],"replies":[{"embeddable":true,"href":"http:\/\/www.mcmotylek.cz\/index.php?rest_route=%2Fwp%2Fv2%2Fcomments&post=9586"}],"version-history":[{"count":1,"href":"http:\/\/www.mcmotylek.cz\/index.php?rest_route=\/wp\/v2\/posts\/9586\/revisions"}],"predecessor-version":[{"id":9587,"href":"http:\/\/www.mcmotylek.cz\/index.php?rest_route=\/wp\/v2\/posts\/9586\/revisions\/9587"}],"wp:attachment":[{"href":"http:\/\/www.mcmotylek.cz\/index.php?rest_route=%2Fwp%2Fv2%2Fmedia&parent=9586"}],"wp:term":[{"taxonomy":"category","embeddable":true,"href":"http:\/\/www.mcmotylek.cz\/index.php?rest_route=%2Fwp%2Fv2%2Fcategories&post=9586"},{"taxonomy":"post_tag","embeddable":true,"href":"http:\/\/www.mcmotylek.cz\/index.php?rest_route=%2Fwp%2Fv2%2Ftags&post=9586"}],"curies":[{"name":"wp","href":"https:\/\/api.w.org\/{rel}","templated":true}]}}