{"id":9594,"date":"2023-09-25T05:46:41","date_gmt":"2023-09-25T04:46:41","guid":{"rendered":"https:\/\/www.mcmotylek.cz\/?p=9594"},"modified":"2023-09-25T05:46:41","modified_gmt":"2023-09-25T04:46:41","slug":"miniskolicka-zacne-v-pondeli-2-10","status":"publish","type":"post","link":"http:\/\/www.mcmotylek.cz\/?p=9594","title":{"rendered":"Mini\u0161koli\u010dka za\u010dne v pond\u011bl\u00ed 2. 10."},"content":{"rendered":"\n<p>Pozor, pozor: MINI\u0160KOLI\u010cKA z d\u016fvodu nemoci za\u010dne a\u017e p\u0159\u00ed\u0161t\u00ed pond\u011bl\u00ed 2. 10. Omlouv\u00e1me se a t\u011b\u0161\u00edme se p\u0159\u00ed\u0161t\u00ed t\u00fdden na vid\u011bnou! \ud83d\ude42<\/p>\n","protected":false},"excerpt":{"rendered":"<p>Pozor, pozor: MINI\u0160KOLI\u010cKA z d\u016fvodu nemoci za\u010dne a\u017e p\u0159\u00ed\u0161t\u00ed pond\u011bl\u00ed 2. 10. Omlouv\u00e1me se a t\u011b\u0161\u00edme se p\u0159\u00ed\u0161t\u00ed t\u00fdden na vid\u011bnou! \ud83d\ude42<\/p>\n","protected":false},"author":36,"featured_media":0,"comment_status":"open","ping_status":"open","sticky":false,"template":"","format":"standard","meta":{"ngg_post_thumbnail":0},"categories":[1],"tags":[],"post_mailing_queue_ids":[],"_links":{"self":[{"href":"http:\/\/www.mcmotylek.cz\/index.php?rest_route=\/wp\/v2\/posts\/9594"}],"collection":[{"href":"http:\/\/www.mcmotylek.cz\/index.php?rest_route=\/wp\/v2\/posts"}],"about":[{"href":"http:\/\/www.mcmotylek.cz\/index.php?rest_route=\/wp\/v2\/types\/post"}],"author":[{"embeddable":true,"href":"http:\/\/www.mcmotylek.cz\/index.php?rest_route=\/wp\/v2\/users\/36"}],"replies":[{"embeddable":true,"href":"http:\/\/www.mcmotylek.cz\/index.php?rest_route=%2Fwp%2Fv2%2Fcomments&post=9594"}],"version-history":[{"count":1,"href":"http:\/\/www.mcmotylek.cz\/index.php?rest_route=\/wp\/v2\/posts\/9594\/revisions"}],"predecessor-version":[{"id":9595,"href":"http:\/\/www.mcmotylek.cz\/index.php?rest_route=\/wp\/v2\/posts\/9594\/revisions\/9595"}],"wp:attachment":[{"href":"http:\/\/www.mcmotylek.cz\/index.php?rest_route=%2Fwp%2Fv2%2Fmedia&parent=9594"}],"wp:term":[{"taxonomy":"category","embeddable":true,"href":"http:\/\/www.mcmotylek.cz\/index.php?rest_route=%2Fwp%2Fv2%2Fcategories&post=9594"},{"taxonomy":"post_tag","embeddable":true,"href":"http:\/\/www.mcmotylek.cz\/index.php?rest_route=%2Fwp%2Fv2%2Ftags&post=9594"}],"curies":[{"name":"wp","href":"https:\/\/api.w.org\/{rel}","templated":true}]}}