{"id":9750,"date":"2025-02-02T17:26:21","date_gmt":"2025-02-02T16:26:21","guid":{"rendered":"http:\/\/www.mcmotylek.cz\/?p=9750"},"modified":"2025-02-02T17:26:21","modified_gmt":"2025-02-02T16:26:21","slug":"jarni-prazdniny-2","status":"publish","type":"post","link":"http:\/\/www.mcmotylek.cz\/?p=9750","title":{"rendered":"JARN\u00cd PR\u00c1ZDNINY"},"content":{"rendered":"\n<p>Od 3. do 7. \u00fanora budou jarn\u00ed pr\u00e1zdniny i i n\u00e1s v Mot\u00fdlku, pravideln\u00e9 krou\u017eky tedy NEBUDOU. M\u00edsto toho pro v\u00e1s ale otev\u0159eme volnou hernu, kam m\u016f\u017eete vz\u00edt t\u0159eba i sourozence <img loading=\"lazy\" height=\"16\" width=\"16\" alt=\"\ud83e\udd17\" src=\"https:\/\/static.xx.fbcdn.net\/images\/emoji.php\/v9\/t56\/2\/16\/1f917.png\"\/><\/p>\n\n\n\n<p>A kdy?<\/p>\n\n\n\n<p><a><\/a>ST\u0158EDA 9:30-11:00 se Zuzkou<\/p>\n\n\n\n<p>\u010cTVRTEK 15:00-16:30 s Luckou<\/p>\n\n\n\n<p>T\u011b\u0161\u00edme se na v\u00e1s a p\u0159ejeme hezk\u00e9 pr\u00e1zdniny <img loading=\"lazy\" height=\"16\" width=\"16\" alt=\"\u2744\ufe0f\" src=\"https:\/\/static.xx.fbcdn.net\/images\/emoji.php\/v9\/taf\/2\/16\/2744.png\"\/><\/p>\n\n\n\n<p><\/p>\n","protected":false},"excerpt":{"rendered":"<p>Od 3. do 7. \u00fanora budou jarn\u00ed pr\u00e1zdniny i i n\u00e1s v Mot\u00fdlku, pravideln\u00e9 krou\u017eky tedy NEBUDOU. M\u00edsto toho pro v\u00e1s ale otev\u0159eme volnou hernu, kam m\u016f\u017eete vz\u00edt t\u0159eba i sourozence A kdy? ST\u0158EDA 9:30-11:00 se Zuzkou \u010cTVRTEK 15:00-16:30 s Luckou T\u011b\u0161\u00edme se na v\u00e1s a p\u0159ejeme hezk\u00e9 pr\u00e1zdniny<\/p>\n","protected":false},"author":36,"featured_media":0,"comment_status":"open","ping_status":"open","sticky":true,"template":"","format":"standard","meta":{"ngg_post_thumbnail":0},"categories":[1],"tags":[],"post_mailing_queue_ids":[],"_links":{"self":[{"href":"http:\/\/www.mcmotylek.cz\/index.php?rest_route=\/wp\/v2\/posts\/9750"}],"collection":[{"href":"http:\/\/www.mcmotylek.cz\/index.php?rest_route=\/wp\/v2\/posts"}],"about":[{"href":"http:\/\/www.mcmotylek.cz\/index.php?rest_route=\/wp\/v2\/types\/post"}],"author":[{"embeddable":true,"href":"http:\/\/www.mcmotylek.cz\/index.php?rest_route=\/wp\/v2\/users\/36"}],"replies":[{"embeddable":true,"href":"http:\/\/www.mcmotylek.cz\/index.php?rest_route=%2Fwp%2Fv2%2Fcomments&post=9750"}],"version-history":[{"count":1,"href":"http:\/\/www.mcmotylek.cz\/index.php?rest_route=\/wp\/v2\/posts\/9750\/revisions"}],"predecessor-version":[{"id":9751,"href":"http:\/\/www.mcmotylek.cz\/index.php?rest_route=\/wp\/v2\/posts\/9750\/revisions\/9751"}],"wp:attachment":[{"href":"http:\/\/www.mcmotylek.cz\/index.php?rest_route=%2Fwp%2Fv2%2Fmedia&parent=9750"}],"wp:term":[{"taxonomy":"category","embeddable":true,"href":"http:\/\/www.mcmotylek.cz\/index.php?rest_route=%2Fwp%2Fv2%2Fcategories&post=9750"},{"taxonomy":"post_tag","embeddable":true,"href":"http:\/\/www.mcmotylek.cz\/index.php?rest_route=%2Fwp%2Fv2%2Ftags&post=9750"}],"curies":[{"name":"wp","href":"https:\/\/api.w.org\/{rel}","templated":true}]}}