{"id":9780,"date":"2025-05-26T13:15:15","date_gmt":"2025-05-26T12:15:15","guid":{"rendered":"https:\/\/www.mcmotylek.cz\/?p=9780"},"modified":"2025-05-26T13:15:15","modified_gmt":"2025-05-26T12:15:15","slug":"miniolympiada-v-motylku","status":"publish","type":"post","link":"http:\/\/www.mcmotylek.cz\/?p=9780","title":{"rendered":"Miniolympi\u00e1da v Mot\u00fdlku!"},"content":{"rendered":"\n<p>Srde\u010dn\u011b v\u00e1s zveme na Miniolympi\u00e1du, tedy olympi\u00e1du pro nejmen\u0161\u00ed d\u011bti\u010dky (cca od 1 roku do 4 let), kter\u00e1 se uskute\u010dn\u00ed m\u00edsto Cvi\u010den\u00ed\u010dka ve \u010dtvrtek 5. 6. od 9:30 v MC Mot\u00fdlek \ud83d\ude42 Na d\u011bti \u010dek\u00e1 po dokon\u010den\u00ed stanovi\u0161\u0165 medaile, diplom i mal\u00e1 odm\u011bna. V p\u0159\u00edpad\u011b hezk\u00e9ho po\u010das\u00ed p\u0159iprav\u00edme stanovi\u0161t\u011b jak uvnit\u0159, tak i venku na dvore\u010dku. Startovn\u00e9 je 70,-\/d\u00edt\u011b, \u010dlenov\u00e9 zdarma. T\u011b\u0161\u00edme se na v\u0161echny mal\u00e9 z\u00e1vodn\u00edky \ud83d\ude42<\/p>\n\n\n\n<figure class=\"wp-block-image size-large\"><img loading=\"lazy\" width=\"724\" height=\"1024\" src=\"https:\/\/www.mcmotylek.cz\/wp-content\/uploads\/2025\/05\/Miniolympiada-724x1024.jpg\" alt=\"\" class=\"wp-image-9781\" srcset=\"http:\/\/www.mcmotylek.cz\/wp-content\/uploads\/2025\/05\/Miniolympiada-724x1024.jpg 724w, http:\/\/www.mcmotylek.cz\/wp-content\/uploads\/2025\/05\/Miniolympiada-212x300.jpg 212w, http:\/\/www.mcmotylek.cz\/wp-content\/uploads\/2025\/05\/Miniolympiada-768x1086.jpg 768w, http:\/\/www.mcmotylek.cz\/wp-content\/uploads\/2025\/05\/Miniolympiada-1086x1536.jpg 1086w, http:\/\/www.mcmotylek.cz\/wp-content\/uploads\/2025\/05\/Miniolympiada.jpg 1414w\" sizes=\"(max-width: 724px) 100vw, 724px\" \/><\/figure>\n","protected":false},"excerpt":{"rendered":"<p>Srde\u010dn\u011b v\u00e1s zveme na Miniolympi\u00e1du, tedy olympi\u00e1du pro nejmen\u0161\u00ed d\u011bti\u010dky (cca od 1 roku do 4 let), kter\u00e1 se uskute\u010dn\u00ed m\u00edsto Cvi\u010den\u00ed\u010dka ve \u010dtvrtek 5. 6. od 9:30 v MC Mot\u00fdlek \ud83d\ude42 Na d\u011bti \u010dek\u00e1 po dokon\u010den\u00ed stanovi\u0161\u0165 medaile, diplom i mal\u00e1 odm\u011bna. V p\u0159\u00edpad\u011b hezk\u00e9ho po\u010das\u00ed p\u0159iprav\u00edme stanovi\u0161t\u011b jak uvnit\u0159, tak i venku na [&hellip;]<\/p>\n","protected":false},"author":36,"featured_media":0,"comment_status":"open","ping_status":"open","sticky":true,"template":"","format":"standard","meta":{"ngg_post_thumbnail":0},"categories":[1],"tags":[],"post_mailing_queue_ids":[],"_links":{"self":[{"href":"http:\/\/www.mcmotylek.cz\/index.php?rest_route=\/wp\/v2\/posts\/9780"}],"collection":[{"href":"http:\/\/www.mcmotylek.cz\/index.php?rest_route=\/wp\/v2\/posts"}],"about":[{"href":"http:\/\/www.mcmotylek.cz\/index.php?rest_route=\/wp\/v2\/types\/post"}],"author":[{"embeddable":true,"href":"http:\/\/www.mcmotylek.cz\/index.php?rest_route=\/wp\/v2\/users\/36"}],"replies":[{"embeddable":true,"href":"http:\/\/www.mcmotylek.cz\/index.php?rest_route=%2Fwp%2Fv2%2Fcomments&post=9780"}],"version-history":[{"count":1,"href":"http:\/\/www.mcmotylek.cz\/index.php?rest_route=\/wp\/v2\/posts\/9780\/revisions"}],"predecessor-version":[{"id":9782,"href":"http:\/\/www.mcmotylek.cz\/index.php?rest_route=\/wp\/v2\/posts\/9780\/revisions\/9782"}],"wp:attachment":[{"href":"http:\/\/www.mcmotylek.cz\/index.php?rest_route=%2Fwp%2Fv2%2Fmedia&parent=9780"}],"wp:term":[{"taxonomy":"category","embeddable":true,"href":"http:\/\/www.mcmotylek.cz\/index.php?rest_route=%2Fwp%2Fv2%2Fcategories&post=9780"},{"taxonomy":"post_tag","embeddable":true,"href":"http:\/\/www.mcmotylek.cz\/index.php?rest_route=%2Fwp%2Fv2%2Ftags&post=9780"}],"curies":[{"name":"wp","href":"https:\/\/api.w.org\/{rel}","templated":true}]}}