{"id":9802,"date":"2025-08-29T14:44:01","date_gmt":"2025-08-29T13:44:01","guid":{"rendered":"https:\/\/www.mcmotylek.cz\/?p=9802"},"modified":"2025-08-29T14:44:01","modified_gmt":"2025-08-29T13:44:01","slug":"srdecne-vas-zveme-na-oslavu-narozenin-naseho-vaseho-motylku-slavime-25-let-existence-v-tynci-nad-sazavou-prijdte-to-oslavit-s-nami-program-pro-mensi-i-vetsi-deti-a-obcerstveni-zajisteno-vstup","status":"publish","type":"post","link":"http:\/\/www.mcmotylek.cz\/?p=9802","title":{"rendered":"Srde\u010dn\u011b v\u00e1s zveme na oslavu narozenin na\u0161eho-va\u0161eho Mot\u00fdlku, slav\u00edme 25 let existence v T\u00fdnci nad S\u00e1zavou. P\u0159ij\u010fte to oslavit s n\u00e1mi! :-) Program pro men\u0161\u00ed i v\u011bt\u0161\u00ed d\u011bti a ob\u010derstven\u00ed zaji\u0161t\u011bno, vstup zdarma."},"content":{"rendered":"\n<figure class=\"wp-block-image size-large\"><img loading=\"lazy\" width=\"724\" height=\"1024\" src=\"https:\/\/www.mcmotylek.cz\/wp-content\/uploads\/2025\/08\/oslava-25-let-724x1024.jpg\" alt=\"\" class=\"wp-image-9803\" srcset=\"http:\/\/www.mcmotylek.cz\/wp-content\/uploads\/2025\/08\/oslava-25-let-724x1024.jpg 724w, http:\/\/www.mcmotylek.cz\/wp-content\/uploads\/2025\/08\/oslava-25-let-212x300.jpg 212w, http:\/\/www.mcmotylek.cz\/wp-content\/uploads\/2025\/08\/oslava-25-let-768x1086.jpg 768w, http:\/\/www.mcmotylek.cz\/wp-content\/uploads\/2025\/08\/oslava-25-let-1086x1536.jpg 1086w, http:\/\/www.mcmotylek.cz\/wp-content\/uploads\/2025\/08\/oslava-25-let.jpg 1414w\" sizes=\"(max-width: 724px) 100vw, 724px\" \/><\/figure>\n","protected":false},"excerpt":{"rendered":"","protected":false},"author":36,"featured_media":0,"comment_status":"open","ping_status":"open","sticky":true,"template":"","format":"standard","meta":{"ngg_post_thumbnail":0},"categories":[1],"tags":[],"post_mailing_queue_ids":[],"_links":{"self":[{"href":"http:\/\/www.mcmotylek.cz\/index.php?rest_route=\/wp\/v2\/posts\/9802"}],"collection":[{"href":"http:\/\/www.mcmotylek.cz\/index.php?rest_route=\/wp\/v2\/posts"}],"about":[{"href":"http:\/\/www.mcmotylek.cz\/index.php?rest_route=\/wp\/v2\/types\/post"}],"author":[{"embeddable":true,"href":"http:\/\/www.mcmotylek.cz\/index.php?rest_route=\/wp\/v2\/users\/36"}],"replies":[{"embeddable":true,"href":"http:\/\/www.mcmotylek.cz\/index.php?rest_route=%2Fwp%2Fv2%2Fcomments&post=9802"}],"version-history":[{"count":1,"href":"http:\/\/www.mcmotylek.cz\/index.php?rest_route=\/wp\/v2\/posts\/9802\/revisions"}],"predecessor-version":[{"id":9804,"href":"http:\/\/www.mcmotylek.cz\/index.php?rest_route=\/wp\/v2\/posts\/9802\/revisions\/9804"}],"wp:attachment":[{"href":"http:\/\/www.mcmotylek.cz\/index.php?rest_route=%2Fwp%2Fv2%2Fmedia&parent=9802"}],"wp:term":[{"taxonomy":"category","embeddable":true,"href":"http:\/\/www.mcmotylek.cz\/index.php?rest_route=%2Fwp%2Fv2%2Fcategories&post=9802"},{"taxonomy":"post_tag","embeddable":true,"href":"http:\/\/www.mcmotylek.cz\/index.php?rest_route=%2Fwp%2Fv2%2Ftags&post=9802"}],"curies":[{"name":"wp","href":"https:\/\/api.w.org\/{rel}","templated":true}]}}