{"id":9942,"date":"2026-04-17T08:18:02","date_gmt":"2026-04-17T07:18:02","guid":{"rendered":"https:\/\/www.mcmotylek.cz\/?p=9942"},"modified":"2026-04-17T08:18:02","modified_gmt":"2026-04-17T07:18:02","slug":"carodejnicke-odpoledne-s-motylkem","status":"publish","type":"post","link":"http:\/\/www.mcmotylek.cz\/?p=9942","title":{"rendered":"\u010carod\u011bjnick\u00e9 odpoledne s Mot\u00fdlkem"},"content":{"rendered":"\n<p>Ji\u017e brzy se t\u011b\u0161\u00edme na n\u00e1\u0161 tradi\u010dn\u00ed \u010darod\u011bjnick\u00fd rej pro men\u0161\u00ed i v\u011bt\u0161\u00ed d\u011bti. Na ka\u017ed\u00e9ho d\u011btsk\u00e9ho \u00fa\u010dastn\u00edka \u010dek\u00e1 v c\u00edli odm\u011bna. Krom\u011b pln\u011bn\u00ed \u00fakol\u016f se spoustou \u010darod\u011bjnic bude mo\u017enost op\u00e9ct si \u0161pek\u00e1\u010dky (m\u016f\u017eete si don\u00e9st vlastn\u00ed, p\u0159\u00edpadn\u011b budou k zakoupen\u00ed na m\u00edst\u011b) nebo zask\u00e1kat na trampo\u0161k\u00e1ch. Vstupn\u00e9 je 80,-\/d\u00edt\u011b, \u010dlenov\u00e9 MC Mot\u00fdlek zdarma. T\u011b\u0161\u00edme se, 3-2-1 start!<\/p>\n\n\n\n<figure class=\"wp-block-image size-large\"><img loading=\"lazy\" width=\"724\" height=\"1024\" src=\"https:\/\/www.mcmotylek.cz\/wp-content\/uploads\/2026\/04\/e821930f-f69c-4354-bd17-19464b630f51-724x1024.jpg\" alt=\"\" class=\"wp-image-9944\" srcset=\"http:\/\/www.mcmotylek.cz\/wp-content\/uploads\/2026\/04\/e821930f-f69c-4354-bd17-19464b630f51-724x1024.jpg 724w, http:\/\/www.mcmotylek.cz\/wp-content\/uploads\/2026\/04\/e821930f-f69c-4354-bd17-19464b630f51-212x300.jpg 212w, http:\/\/www.mcmotylek.cz\/wp-content\/uploads\/2026\/04\/e821930f-f69c-4354-bd17-19464b630f51-768x1086.jpg 768w, http:\/\/www.mcmotylek.cz\/wp-content\/uploads\/2026\/04\/e821930f-f69c-4354-bd17-19464b630f51-1086x1536.jpg 1086w, http:\/\/www.mcmotylek.cz\/wp-content\/uploads\/2026\/04\/e821930f-f69c-4354-bd17-19464b630f51.jpg 1414w\" sizes=\"(max-width: 724px) 100vw, 724px\" \/><\/figure>\n","protected":false},"excerpt":{"rendered":"<p>Ji\u017e brzy se t\u011b\u0161\u00edme na n\u00e1\u0161 tradi\u010dn\u00ed \u010darod\u011bjnick\u00fd rej pro men\u0161\u00ed i v\u011bt\u0161\u00ed d\u011bti. Na ka\u017ed\u00e9ho d\u011btsk\u00e9ho \u00fa\u010dastn\u00edka \u010dek\u00e1 v c\u00edli odm\u011bna. Krom\u011b pln\u011bn\u00ed \u00fakol\u016f se spoustou \u010darod\u011bjnic bude mo\u017enost op\u00e9ct si \u0161pek\u00e1\u010dky (m\u016f\u017eete si don\u00e9st vlastn\u00ed, p\u0159\u00edpadn\u011b budou k zakoupen\u00ed na m\u00edst\u011b) nebo zask\u00e1kat na trampo\u0161k\u00e1ch. Vstupn\u00e9 je 80,-\/d\u00edt\u011b, \u010dlenov\u00e9 MC Mot\u00fdlek zdarma. T\u011b\u0161\u00edme [&hellip;]<\/p>\n","protected":false},"author":36,"featured_media":0,"comment_status":"open","ping_status":"open","sticky":true,"template":"","format":"standard","meta":{"ngg_post_thumbnail":0},"categories":[1],"tags":[],"post_mailing_queue_ids":[],"_links":{"self":[{"href":"http:\/\/www.mcmotylek.cz\/index.php?rest_route=\/wp\/v2\/posts\/9942"}],"collection":[{"href":"http:\/\/www.mcmotylek.cz\/index.php?rest_route=\/wp\/v2\/posts"}],"about":[{"href":"http:\/\/www.mcmotylek.cz\/index.php?rest_route=\/wp\/v2\/types\/post"}],"author":[{"embeddable":true,"href":"http:\/\/www.mcmotylek.cz\/index.php?rest_route=\/wp\/v2\/users\/36"}],"replies":[{"embeddable":true,"href":"http:\/\/www.mcmotylek.cz\/index.php?rest_route=%2Fwp%2Fv2%2Fcomments&post=9942"}],"version-history":[{"count":1,"href":"http:\/\/www.mcmotylek.cz\/index.php?rest_route=\/wp\/v2\/posts\/9942\/revisions"}],"predecessor-version":[{"id":9945,"href":"http:\/\/www.mcmotylek.cz\/index.php?rest_route=\/wp\/v2\/posts\/9942\/revisions\/9945"}],"wp:attachment":[{"href":"http:\/\/www.mcmotylek.cz\/index.php?rest_route=%2Fwp%2Fv2%2Fmedia&parent=9942"}],"wp:term":[{"taxonomy":"category","embeddable":true,"href":"http:\/\/www.mcmotylek.cz\/index.php?rest_route=%2Fwp%2Fv2%2Fcategories&post=9942"},{"taxonomy":"post_tag","embeddable":true,"href":"http:\/\/www.mcmotylek.cz\/index.php?rest_route=%2Fwp%2Fv2%2Ftags&post=9942"}],"curies":[{"name":"wp","href":"https:\/\/api.w.org\/{rel}","templated":true}]}}