{"id":996,"date":"2011-03-13T22:34:08","date_gmt":"2011-03-13T21:34:08","guid":{"rendered":"http:\/\/www.mcmotylek.cz\/index.php\/?p=996"},"modified":"2011-05-06T14:46:26","modified_gmt":"2011-05-06T13:46:26","slug":"pozvanka-na-relaxacni-pondelky","status":"publish","type":"post","link":"http:\/\/www.mcmotylek.cz\/?p=996","title":{"rendered":"9.5. &#8211; Pozv\u00e1nka na relaxa\u010dn\u00ed pond\u011bl\u00ed"},"content":{"rendered":"<p>Srde\u010dn\u011b zvu v\u0161echny z\u00e1jemce o relaxace na dal\u0161\u00ed setk\u00e1n\u00ed v<strong><span style=\"color: #ff6600;\"> pond\u011bl\u00ed 9.5. od 19.30 do 21 hodin<\/span><\/strong> (a n\u00e1sledn\u011b ka\u017ed\u00e9 lich\u00e9 pond\u011bl\u00ed), st\u00e1le je\u0161t\u011b m\u00e1me dostatek voln\u00fdch m\u00edst.<\/p>\n<p>\u010cek\u00e1 n\u00e1s autogenn\u00ed tr\u00e9nink s imaginac\u00ed a n\u00e1sledn\u00fdm pov\u00edd\u00e1n\u00edm o tom, co jsme v p\u0159edstav\u00e1ch za\u017eili.<\/p>\n<p>To v\u0161e v p\u0159\u00edjemn\u00e9m, komorn\u00edm duchu, p\u0159i sv\u00ed\u010dce, \u010daji a aromalamp\u011b:)<\/p>\n<p><span style=\"color: #808000;\"><strong>POZOR ZM\u011aNA: m\u00edsto je nutno si rezervovat do pond\u011bl\u00ed 12:00 hod.,  pokud nebude dost z\u00e1jemc\u016f, relaxace se konat nebude. To bych v\u00e1m dala  v\u011bd\u011bt max. do 16 hodin.<\/strong><strong> <\/strong>Rezervujte bu\u010f na rena.vesela@seznam.cz nebo na  tel. 777 676 307.<\/span><\/p>\n<p>V\u00edce informac\u00ed najdete v <a title=\"Relaxace pro ka\u017ed\u00e9ho\" href=\"http:\/\/www.mcmotylek.cz\/?page_id=296\" target=\"_self\">Pravideln\u00e9m programu.<\/a><\/p>\n","protected":false},"excerpt":{"rendered":"<p>Srde\u010dn\u011b zvu v\u0161echny z\u00e1jemce o relaxace na dal\u0161\u00ed setk\u00e1n\u00ed v pond\u011bl\u00ed 9.5. od 19.30 do 21 hodin (a n\u00e1sledn\u011b ka\u017ed\u00e9 lich\u00e9 pond\u011bl\u00ed), st\u00e1le je\u0161t\u011b m\u00e1me dostatek voln\u00fdch m\u00edst. \u010cek\u00e1 n\u00e1s autogenn\u00ed tr\u00e9nink s imaginac\u00ed a n\u00e1sledn\u00fdm pov\u00edd\u00e1n\u00edm o tom, co jsme v p\u0159edstav\u00e1ch za\u017eili. To v\u0161e v p\u0159\u00edjemn\u00e9m, komorn\u00edm duchu, p\u0159i sv\u00ed\u010dce, \u010daji a aromalamp\u011b:) [&hellip;]<\/p>\n","protected":false},"author":2,"featured_media":0,"comment_status":"open","ping_status":"open","sticky":false,"template":"","format":"standard","meta":{"ngg_post_thumbnail":0},"categories":[35,36],"tags":[],"post_mailing_queue_ids":[],"_links":{"self":[{"href":"http:\/\/www.mcmotylek.cz\/index.php?rest_route=\/wp\/v2\/posts\/996"}],"collection":[{"href":"http:\/\/www.mcmotylek.cz\/index.php?rest_route=\/wp\/v2\/posts"}],"about":[{"href":"http:\/\/www.mcmotylek.cz\/index.php?rest_route=\/wp\/v2\/types\/post"}],"author":[{"embeddable":true,"href":"http:\/\/www.mcmotylek.cz\/index.php?rest_route=\/wp\/v2\/users\/2"}],"replies":[{"embeddable":true,"href":"http:\/\/www.mcmotylek.cz\/index.php?rest_route=%2Fwp%2Fv2%2Fcomments&post=996"}],"version-history":[{"count":3,"href":"http:\/\/www.mcmotylek.cz\/index.php?rest_route=\/wp\/v2\/posts\/996\/revisions"}],"predecessor-version":[{"id":1368,"href":"http:\/\/www.mcmotylek.cz\/index.php?rest_route=\/wp\/v2\/posts\/996\/revisions\/1368"}],"wp:attachment":[{"href":"http:\/\/www.mcmotylek.cz\/index.php?rest_route=%2Fwp%2Fv2%2Fmedia&parent=996"}],"wp:term":[{"taxonomy":"category","embeddable":true,"href":"http:\/\/www.mcmotylek.cz\/index.php?rest_route=%2Fwp%2Fv2%2Fcategories&post=996"},{"taxonomy":"post_tag","embeddable":true,"href":"http:\/\/www.mcmotylek.cz\/index.php?rest_route=%2Fwp%2Fv2%2Ftags&post=996"}],"curies":[{"name":"wp","href":"https:\/\/api.w.org\/{rel}","templated":true}]}}