{"id":998,"date":"2011-03-14T16:47:32","date_gmt":"2011-03-14T15:47:32","guid":{"rendered":"http:\/\/www.mcmotylek.cz\/index.php\/?p=998"},"modified":"2012-04-01T19:25:10","modified_gmt":"2012-04-01T18:25:10","slug":"hlasujte-ankete-nejhezci-obrazek","status":"publish","type":"post","link":"http:\/\/www.mcmotylek.cz\/?p=998","title":{"rendered":"Hlasujte v anket\u011b o nejhez\u010d\u00ed obr\u00e1zek!"},"content":{"rendered":"<p>Nyn\u00ed m\u016f\u017eete hlasovat v 1. anket\u011b o nejhez\u010d\u00ed obr\u00e1zek v r\u00e1mci <a title=\"v\u00fdtvarn\u00e1 sout\u011b\u017e\" href=\"http:\/\/www.mcmotylek.cz\/index.php?page_id=866\" target=\"_blank\">v\u00fdtvarn\u00e9 sout\u011b\u017ee<\/a>.\u00a0 Do t\u00e9to sout\u011b\u017ee poslali na\u0161i \u010dten\u00e1\u0159i v\u00fdtvarn\u00e1 d\u00edla sv\u00fdch d\u011bt\u00ed.<\/p>\n<p>P\u0159i hodnocen\u00ed berte pros\u00edm v \u00favahu tak\u00e9 v\u011bk d\u00edt\u011bte a zhodnot\u0165e jeho snahu.<\/p>\n<p>Tato sout\u011b\u017e je st\u00e1le otev\u0159en\u00e1 a m\u016f\u017eete d\u00edlo Va\u0161eho d\u00edt\u011bte je\u0161t\u011b p\u0159ihl\u00e1sit. Viz podm\u00ednky sout\u011b\u017ee a p\u0159ihla\u0161ovac\u00ed formul\u00e1\u0159 <a title=\"v\u00fdtvarn\u00e1 sout\u011b\u017e\" href=\"http:\/\/www.mcmotylek.cz\/index.php?page_id=866\" target=\"_self\">zde<\/a>.<\/p>\n<p>P\u0159ipom\u00edn\u00e1me, \u017ee se st\u00e1le m\u016f\u017eete p\u0159ihl\u00e1sit do <a title=\"fotosout\u011b\u017e\" href=\"http:\/\/www.mcmotylek.cz\/index.php?page_id=650\" target=\"_self\">fotosout\u011b\u017ee<\/a>.<\/p>\n\n<div class=\"ngg-galleryoverview\" id=\"ngg-gallery-454fdf4e1cd721be494acb897bcf1f09-998\">\n\n\t<!-- Slideshow link -->\n\t<div class=\"slideshowlink\">\n\t\t<a class=\"slideshowlink\" href=\"http:\/\/www.mcmotylek.cz\/index.php\/nggallery\/slideshow?p=998\">\n\t\t\t[Zobrazit prezentaci]\t\t<\/a>\n\t<\/div>\n\n\t<!-- Thumbnails -->\n    \t\t\n\t<div id=\"ngg-image-147\" class=\"ngg-gallery-thumbnail-box\"  >\n\t\t<div class=\"ngg-gallery-thumbnail\" >\n\t\t\t<a href=\"http:\/\/www.mcmotylek.cz\/wp-content\/gallery\/vytvarna-soutez-1\/verda.jpg\"\n               title=\"Veronika, Chr\u00e1st nad S\u00e1zavou, 4 roky: &quot;2 sn\u011bhul\u00e1ci a d\u011bti jim p\u0159id\u011blaly ruce a ten vlevo je ten men\u0161\u00ed&quot;\"\n               class=\"shutterset_454fdf4e1cd721be494acb897bcf1f09\" data-image-id=\"147\" data-src=\"http:\/\/www.mcmotylek.cz\/wp-content\/gallery\/vytvarna-soutez-1\/verda.jpg\" data-thumbnail=\"http:\/\/www.mcmotylek.cz\/wp-content\/gallery\/vytvarna-soutez-1\/thumbs\/thumbs_verda.jpg\" data-title=\"Veronika, Chr\u00e1st nad S\u00e1zavou, 4 roky\" data-description=\"Veronika, Chr\u00e1st nad S\u00e1zavou, 4 roky: &quot;2 sn\u011bhul\u00e1ci a d\u011bti jim p\u0159id\u011blaly ruce a ten vlevo je ten men\u0161\u00ed&quot;\" >\n\t\t\t\t\t\t\t\t<img title=\"Veronika, Chr\u00e1st nad S\u00e1zavou, 4 roky\" alt=\"Veronika, Chr\u00e1st nad S\u00e1zavou, 4 roky\" src=\"http:\/\/www.mcmotylek.cz\/wp-content\/gallery\/vytvarna-soutez-1\/thumbs\/thumbs_verda.jpg\" width='100' height='75' \/>\n\t\t\t\t\t\t\t<\/a>\n\t\t<\/div>\n\t<\/div>\n\n            \n \t\t\n\t<div id=\"ngg-image-150\" class=\"ngg-gallery-thumbnail-box\"  >\n\t\t<div class=\"ngg-gallery-thumbnail\" >\n\t\t\t<a href=\"http:\/\/www.mcmotylek.cz\/wp-content\/gallery\/vytvarna-soutez-1\/jak-chranim-svoji-rodinu.jpg\"\n               title=\"Jaroslav, Kun\u0161t\u00e1t, 7 let: &quot;Nakreslil jsem obr\u00e1zek,kter\u00fd ukazuje,jak chci chr\u00e1nit svoji rodinu.&quot; Bydl\u00edme skoro na samot\u011b.Na obr\u00e1zku je to namalovan\u00fd.\"\n               class=\"shutterset_454fdf4e1cd721be494acb897bcf1f09\" data-image-id=\"150\" data-src=\"http:\/\/www.mcmotylek.cz\/wp-content\/gallery\/vytvarna-soutez-1\/jak-chranim-svoji-rodinu.jpg\" data-thumbnail=\"http:\/\/www.mcmotylek.cz\/wp-content\/gallery\/vytvarna-soutez-1\/thumbs\/thumbs_jak-chranim-svoji-rodinu.jpg\" data-title=\"Jaroslav, Kun\u0161t\u00e1t, 7 let\" data-description=\"Jaroslav, Kun\u0161t\u00e1t, 7 let: &quot;Nakreslil jsem obr\u00e1zek,kter\u00fd ukazuje,jak chci chr\u00e1nit svoji rodinu.&quot; Bydl\u00edme skoro na samot\u011b.Na obr\u00e1zku je to namalovan\u00fd.\" >\n\t\t\t\t\t\t\t\t<img title=\"Jaroslav, Kun\u0161t\u00e1t, 7 let\" alt=\"Jaroslav, Kun\u0161t\u00e1t, 7 let\" src=\"http:\/\/www.mcmotylek.cz\/wp-content\/gallery\/vytvarna-soutez-1\/thumbs\/thumbs_jak-chranim-svoji-rodinu.jpg\" width='100' height='75' \/>\n\t\t\t\t\t\t\t<\/a>\n\t\t<\/div>\n\t<\/div>\n\n            \n \t\t\n\t<div id=\"ngg-image-152\" class=\"ngg-gallery-thumbnail-box\"  >\n\t\t<div class=\"ngg-gallery-thumbnail\" >\n\t\t\t<a href=\"http:\/\/www.mcmotylek.cz\/wp-content\/gallery\/vytvarna-soutez-1\/p2170022.jpg\"\n               title=\"Barborka, Star\u00e1 Paka, 4 roky: Postavi\u010dka ply\u0161\u00e1ka Elma\"\n               class=\"shutterset_454fdf4e1cd721be494acb897bcf1f09\" data-image-id=\"152\" data-src=\"http:\/\/www.mcmotylek.cz\/wp-content\/gallery\/vytvarna-soutez-1\/p2170022.jpg\" data-thumbnail=\"http:\/\/www.mcmotylek.cz\/wp-content\/gallery\/vytvarna-soutez-1\/thumbs\/thumbs_p2170022.jpg\" data-title=\"Barborka, Star\u00e1 Paka, 4 roky\" data-description=\"Barborka, Star\u00e1 Paka, 4 roky: Postavi\u010dka ply\u0161\u00e1ka Elma\" >\n\t\t\t\t\t\t\t\t<img title=\"Barborka, Star\u00e1 Paka, 4 roky\" alt=\"Barborka, Star\u00e1 Paka, 4 roky\" src=\"http:\/\/www.mcmotylek.cz\/wp-content\/gallery\/vytvarna-soutez-1\/thumbs\/thumbs_p2170022.jpg\" width='100' height='75' \/>\n\t\t\t\t\t\t\t<\/a>\n\t\t<\/div>\n\t<\/div>\n\n            \n \t\t\n\t<div id=\"ngg-image-153\" class=\"ngg-gallery-thumbnail-box\"  >\n\t\t<div class=\"ngg-gallery-thumbnail\" >\n\t\t\t<a href=\"http:\/\/www.mcmotylek.cz\/wp-content\/gallery\/vytvarna-soutez-1\/mlejnek-adam.jpg\"\n               title=\"Jana, Moravsk\u00fd Beroun, 8 let: Krokod\u00fdl malovan\u00fd \u010dajem a k\u00e1vou, podkladem jsou anilinov\u00e9 barvy posypan\u00e9 sol\u00ed.\"\n               class=\"shutterset_454fdf4e1cd721be494acb897bcf1f09\" data-image-id=\"153\" data-src=\"http:\/\/www.mcmotylek.cz\/wp-content\/gallery\/vytvarna-soutez-1\/mlejnek-adam.jpg\" data-thumbnail=\"http:\/\/www.mcmotylek.cz\/wp-content\/gallery\/vytvarna-soutez-1\/thumbs\/thumbs_mlejnek-adam.jpg\" data-title=\"Jana, Moravsk\u00fd Beroun, 8 let\" data-description=\"Jana, Moravsk\u00fd Beroun, 8 let: Krokod\u00fdl malovan\u00fd \u010dajem a k\u00e1vou, podkladem jsou anilinov\u00e9 barvy posypan\u00e9 sol\u00ed.\" >\n\t\t\t\t\t\t\t\t<img title=\"Jana, Moravsk\u00fd Beroun, 8 let\" alt=\"Jana, Moravsk\u00fd Beroun, 8 let\" src=\"http:\/\/www.mcmotylek.cz\/wp-content\/gallery\/vytvarna-soutez-1\/thumbs\/thumbs_mlejnek-adam.jpg\" width='100' height='75' \/>\n\t\t\t\t\t\t\t<\/a>\n\t\t<\/div>\n\t<\/div>\n\n            \n \t\t\n\t<div id=\"ngg-image-154\" class=\"ngg-gallery-thumbnail-box\"  >\n\t\t<div class=\"ngg-gallery-thumbnail\" >\n\t\t\t<a href=\"http:\/\/www.mcmotylek.cz\/wp-content\/gallery\/vytvarna-soutez-1\/p1040782.jpg\"\n               title=\"Nikolka, Krnov, 9 let: &quot;L\u00edb\u00ed se mi kon\u011b, tyhle jsem dostala k narozenin\u00e1m a moc r\u00e1da je kresl\u00edm.&quot;\"\n               class=\"shutterset_454fdf4e1cd721be494acb897bcf1f09\" data-image-id=\"154\" data-src=\"http:\/\/www.mcmotylek.cz\/wp-content\/gallery\/vytvarna-soutez-1\/p1040782.jpg\" data-thumbnail=\"http:\/\/www.mcmotylek.cz\/wp-content\/gallery\/vytvarna-soutez-1\/thumbs\/thumbs_p1040782.jpg\" data-title=\"Nikolka, Krnov, 9 let\" data-description=\"Nikolka, Krnov, 9 let: &quot;L\u00edb\u00ed se mi kon\u011b, tyhle jsem dostala k narozenin\u00e1m a moc r\u00e1da je kresl\u00edm.&quot;\" >\n\t\t\t\t\t\t\t\t<img title=\"Nikolka, Krnov, 9 let\" alt=\"Nikolka, Krnov, 9 let\" src=\"http:\/\/www.mcmotylek.cz\/wp-content\/gallery\/vytvarna-soutez-1\/thumbs\/thumbs_p1040782.jpg\" width='100' height='75' \/>\n\t\t\t\t\t\t\t<\/a>\n\t\t<\/div>\n\t<\/div>\n\n            \n \t\t\n\t<div id=\"ngg-image-155\" class=\"ngg-gallery-thumbnail-box\"  >\n\t\t<div class=\"ngg-gallery-thumbnail\" >\n\t\t\t<a href=\"http:\/\/www.mcmotylek.cz\/wp-content\/gallery\/vytvarna-soutez-1\/amalka.jpg\"\n               title=\"Am\u00e1lka, Libice nad Cidlinou, 4roky: &quot;To je m\u00e1ma, m\u00e1 kalhoty a n\u00e1u\u0161nice a d\u00e1l tr\u00e1va a slun\u00ed\u010dko.&quot;\"\n               class=\"shutterset_454fdf4e1cd721be494acb897bcf1f09\" data-image-id=\"155\" data-src=\"http:\/\/www.mcmotylek.cz\/wp-content\/gallery\/vytvarna-soutez-1\/amalka.jpg\" data-thumbnail=\"http:\/\/www.mcmotylek.cz\/wp-content\/gallery\/vytvarna-soutez-1\/thumbs\/thumbs_amalka.jpg\" data-title=\"Am\u00e1lka, Libice nad Cidlinou, 4roky\" data-description=\"Am\u00e1lka, Libice nad Cidlinou, 4roky: &quot;To je m\u00e1ma, m\u00e1 kalhoty a n\u00e1u\u0161nice a d\u00e1l tr\u00e1va a slun\u00ed\u010dko.&quot;\" >\n\t\t\t\t\t\t\t\t<img title=\"Am\u00e1lka, Libice nad Cidlinou, 4roky\" alt=\"Am\u00e1lka, Libice nad Cidlinou, 4roky\" src=\"http:\/\/www.mcmotylek.cz\/wp-content\/gallery\/vytvarna-soutez-1\/thumbs\/thumbs_amalka.jpg\" width='100' height='75' \/>\n\t\t\t\t\t\t\t<\/a>\n\t\t<\/div>\n\t<\/div>\n\n            \n \t\t\n\t<div id=\"ngg-image-157\" class=\"ngg-gallery-thumbnail-box\"  >\n\t\t<div class=\"ngg-gallery-thumbnail\" >\n\t\t\t<a href=\"http:\/\/www.mcmotylek.cz\/wp-content\/gallery\/vytvarna-soutez-1\/p1040626_0.jpg\"\n               title=\"Ka\u010dka, Olomouc, 5 let: Slun\u00ed\u010dko, slun\u00ed\u010dko,\r\npopojdi mali\u010dko\u2026\"\n               class=\"shutterset_454fdf4e1cd721be494acb897bcf1f09\" data-image-id=\"157\" data-src=\"http:\/\/www.mcmotylek.cz\/wp-content\/gallery\/vytvarna-soutez-1\/p1040626_0.jpg\" data-thumbnail=\"http:\/\/www.mcmotylek.cz\/wp-content\/gallery\/vytvarna-soutez-1\/thumbs\/thumbs_p1040626_0.jpg\" data-title=\"Ka\u010dka, Olomouc, 5 let\" data-description=\"Ka\u010dka, Olomouc, 5 let: Slun\u00ed\u010dko, slun\u00ed\u010dko,\r\npopojdi mali\u010dko\u2026\" >\n\t\t\t\t\t\t\t\t<img title=\"Ka\u010dka, Olomouc, 5 let\" alt=\"Ka\u010dka, Olomouc, 5 let\" src=\"http:\/\/www.mcmotylek.cz\/wp-content\/gallery\/vytvarna-soutez-1\/thumbs\/thumbs_p1040626_0.jpg\" width='100' height='75' \/>\n\t\t\t\t\t\t\t<\/a>\n\t\t<\/div>\n\t<\/div>\n\n            \n \t\t\n\t<div id=\"ngg-image-159\" class=\"ngg-gallery-thumbnail-box\"  >\n\t\t<div class=\"ngg-gallery-thumbnail\" >\n\t\t\t<a href=\"http:\/\/www.mcmotylek.cz\/wp-content\/gallery\/vytvarna-soutez-1\/obrazek-do-souteze.jpg\"\n               title=\"Terezka, Kladruby, 6 let: Dome\u010dek, strome\u010dek, mr\u00e1\u010dek, pt\u00e1\u010dek \u2026.\"\n               class=\"shutterset_454fdf4e1cd721be494acb897bcf1f09\" data-image-id=\"159\" data-src=\"http:\/\/www.mcmotylek.cz\/wp-content\/gallery\/vytvarna-soutez-1\/obrazek-do-souteze.jpg\" data-thumbnail=\"http:\/\/www.mcmotylek.cz\/wp-content\/gallery\/vytvarna-soutez-1\/thumbs\/thumbs_obrazek-do-souteze.jpg\" data-title=\"Terezka, Kladruby, 6 let\" data-description=\"Terezka, Kladruby, 6 let: Dome\u010dek, strome\u010dek, mr\u00e1\u010dek, pt\u00e1\u010dek \u2026.\" >\n\t\t\t\t\t\t\t\t<img title=\"Terezka, Kladruby, 6 let\" alt=\"Terezka, Kladruby, 6 let\" src=\"http:\/\/www.mcmotylek.cz\/wp-content\/gallery\/vytvarna-soutez-1\/thumbs\/thumbs_obrazek-do-souteze.jpg\" width='100' height='75' \/>\n\t\t\t\t\t\t\t<\/a>\n\t\t<\/div>\n\t<\/div>\n\n            \n \t\t\n\t<div id=\"ngg-image-162\" class=\"ngg-gallery-thumbnail-box\"  >\n\t\t<div class=\"ngg-gallery-thumbnail\" >\n\t\t\t<a href=\"http:\/\/www.mcmotylek.cz\/wp-content\/gallery\/vytvarna-soutez-1\/p1050188.jpg\"\n               title=\"Eli\u0161ka, Olomouc, 6 let: &quot;Napsala jsem poh\u00e1dku o duhov\u00e9m vl\u00e1\u010dku a k n\u011bmu nakreslila tento obr\u00e1zek.&quot;\"\n               class=\"shutterset_454fdf4e1cd721be494acb897bcf1f09\" data-image-id=\"162\" data-src=\"http:\/\/www.mcmotylek.cz\/wp-content\/gallery\/vytvarna-soutez-1\/p1050188.jpg\" data-thumbnail=\"http:\/\/www.mcmotylek.cz\/wp-content\/gallery\/vytvarna-soutez-1\/thumbs\/thumbs_p1050188.jpg\" data-title=\"Eli\u0161ka, Olomouc, 6 let\" data-description=\"Eli\u0161ka, Olomouc, 6 let: &quot;Napsala jsem poh\u00e1dku o duhov\u00e9m vl\u00e1\u010dku a k n\u011bmu nakreslila tento obr\u00e1zek.&quot;\" >\n\t\t\t\t\t\t\t\t<img title=\"Eli\u0161ka, Olomouc, 6 let\" alt=\"Eli\u0161ka, Olomouc, 6 let\" src=\"http:\/\/www.mcmotylek.cz\/wp-content\/gallery\/vytvarna-soutez-1\/thumbs\/thumbs_p1050188.jpg\" width='100' height='75' \/>\n\t\t\t\t\t\t\t<\/a>\n\t\t<\/div>\n\t<\/div>\n\n            \n \t \t\n\t<!-- Pagination -->\n \t<div class='ngg-clear'><\/div> \t\n<\/div>\n\n\n<p>&nbsp;<\/p>\n<p><img loading=\"lazy\" class=\"alignnone size-full wp-image-2289\" title=\"anketa_5\" src=\"http:\/\/www.mcmotylek.cz\/wp-content\/uploads\/2011\/03\/anketa_5.jpg\" alt=\"\" width=\"380\" height=\"321\" srcset=\"http:\/\/www.mcmotylek.cz\/wp-content\/uploads\/2011\/03\/anketa_5.jpg 380w, http:\/\/www.mcmotylek.cz\/wp-content\/uploads\/2011\/03\/anketa_5-300x253.jpg 300w\" sizes=\"(max-width: 380px) 100vw, 380px\" \/><\/p>\n","protected":false},"excerpt":{"rendered":"<p>Nyn\u00ed m\u016f\u017eete hlasovat v 1. anket\u011b o nejhez\u010d\u00ed obr\u00e1zek v r\u00e1mci v\u00fdtvarn\u00e9 sout\u011b\u017ee.\u00a0 Do t\u00e9to sout\u011b\u017ee poslali na\u0161i \u010dten\u00e1\u0159i v\u00fdtvarn\u00e1 d\u00edla sv\u00fdch d\u011bt\u00ed. P\u0159i hodnocen\u00ed berte pros\u00edm v \u00favahu tak\u00e9 v\u011bk d\u00edt\u011bte a zhodnot\u0165e jeho snahu. Tato sout\u011b\u017e je st\u00e1le otev\u0159en\u00e1 a m\u016f\u017eete d\u00edlo Va\u0161eho d\u00edt\u011bte je\u0161t\u011b p\u0159ihl\u00e1sit. Viz podm\u00ednky sout\u011b\u017ee a p\u0159ihla\u0161ovac\u00ed formul\u00e1\u0159 zde. [&hellip;]<\/p>\n","protected":false},"author":33,"featured_media":0,"comment_status":"open","ping_status":"open","sticky":false,"template":"","format":"standard","meta":{"ngg_post_thumbnail":0},"categories":[43],"tags":[123],"post_mailing_queue_ids":[],"_links":{"self":[{"href":"http:\/\/www.mcmotylek.cz\/index.php?rest_route=\/wp\/v2\/posts\/998"}],"collection":[{"href":"http:\/\/www.mcmotylek.cz\/index.php?rest_route=\/wp\/v2\/posts"}],"about":[{"href":"http:\/\/www.mcmotylek.cz\/index.php?rest_route=\/wp\/v2\/types\/post"}],"author":[{"embeddable":true,"href":"http:\/\/www.mcmotylek.cz\/index.php?rest_route=\/wp\/v2\/users\/33"}],"replies":[{"embeddable":true,"href":"http:\/\/www.mcmotylek.cz\/index.php?rest_route=%2Fwp%2Fv2%2Fcomments&post=998"}],"version-history":[{"count":13,"href":"http:\/\/www.mcmotylek.cz\/index.php?rest_route=\/wp\/v2\/posts\/998\/revisions"}],"predecessor-version":[{"id":2291,"href":"http:\/\/www.mcmotylek.cz\/index.php?rest_route=\/wp\/v2\/posts\/998\/revisions\/2291"}],"wp:attachment":[{"href":"http:\/\/www.mcmotylek.cz\/index.php?rest_route=%2Fwp%2Fv2%2Fmedia&parent=998"}],"wp:term":[{"taxonomy":"category","embeddable":true,"href":"http:\/\/www.mcmotylek.cz\/index.php?rest_route=%2Fwp%2Fv2%2Fcategories&post=998"},{"taxonomy":"post_tag","embeddable":true,"href":"http:\/\/www.mcmotylek.cz\/index.php?rest_route=%2Fwp%2Fv2%2Ftags&post=998"}],"curies":[{"name":"wp","href":"https:\/\/api.w.org\/{rel}","templated":true}]}}